{"id":370,"date":"2016-06-03T11:29:54","date_gmt":"2016-06-03T11:29:54","guid":{"rendered":"http:\/\/providental.es\/?p=370"},"modified":"2016-10-07T10:54:12","modified_gmt":"2016-10-07T10:54:12","slug":"carillas-dentales-esteticas-o-frentes-esteticos","status":"publish","type":"post","link":"https:\/\/providental.es\/?p=370","title":{"rendered":"Carillas dentales est\u00e9ticas o frentes est\u00e9ticos"},"content":{"rendered":"<div id=\"attachment_372\" style=\"width: 350px\" class=\"wp-caption alignright\"><a href=\"http:\/\/providental.es\/wp-content\/uploads\/2016\/06\/Bonding-or-Compsite-Veneers.jpg\"><img decoding=\"async\" loading=\"lazy\" aria-describedby=\"caption-attachment-372\" class=\"size-full wp-image-372\" src=\"http:\/\/providental.es\/wp-content\/uploads\/2016\/06\/Bonding-or-Compsite-Veneers.jpg\" alt=\"Carillas est\u00e9ticas dentales\" width=\"340\" height=\"319\" srcset=\"https:\/\/providental.es\/wp-content\/uploads\/2016\/06\/Bonding-or-Compsite-Veneers.jpg 340w, https:\/\/providental.es\/wp-content\/uploads\/2016\/06\/Bonding-or-Compsite-Veneers-300x281.jpg 300w\" sizes=\"(max-width: 340px) 100vw, 340px\" \/><\/a><p id=\"caption-attachment-372\" class=\"wp-caption-text\">Carillas est\u00e9ticas dentales de porcelana o resina<\/p><\/div>\n<h2>\u00bfQue son las carillas dentales?<\/h2>\n<p>Las carillas dentales que aplicamos para mejorar la est\u00e9tica del diente, son l\u00e1minas de resina o porcelana, altamente est\u00e9tica, que colocamos recubriendo la parte externa del diente. El objetivo es solucionar problemas est\u00e9ticos generados por fracturas, decoloraciones, caries o restauraciones. El resultado final son unos dientes que rozan la perfecci\u00f3n, m\u00e1s blancos, uniformes y con un aspecto natural.<\/p>\n<h2>\u00bfCu\u00e1les son las ventajas de las carillas y c\u00f3mo se colocan?<\/h2>\n<p>La gran ventaja de las carillas de porcelana es que no solo solucionan el aspecto est\u00e9tico de los dientes en cuanto a coloraci\u00f3n sino que tambi\u00e9n pueden solucionar otra serie de imperfecciones que pueden tener los dientes. Al ser carillas que se superponen en el diente natural, se puede lucir unos dientes m\u00e1s perfectos, blancos sin perder la naturalidad de la dentadura.<\/p>\n<p>Las carillas son tan resistentes como el esmalte natural del diente. Y la ventaja sobre todo es que se colocan de forma sencilla en muy pocas sesiones.<\/p>\n<h2>\u00bfCual es el proceso para colocar las carillas est\u00e9ticas?<\/h2>\n<p>Una vez decidas que quieres solucionar de tu sonrisa, para eso procederemos a \u00abdise\u00f1ar\u00bb lo que haremos teniendo en cuenta todos los aspectos necesarios, forma de la cara, labios, coloraci\u00f3n cut\u00e1ntea, enc\u00edas. Haremos registros fotogr\u00e1ficos y bucales, para conseguir que tus carillas dentales est\u00e9ticas son totalmente adecuadas a ti.<br \/>\nEn la siguiente visita te colocaremos las carillas dentales est\u00e9ticas y podr\u00e1s salir con una sonrisa perfecta y natural en poqu\u00edsimo tiempo.<br \/>\nEste es uno de los tratamientos m\u00e1s conservadores, ya que no afectamos al estado natural del diente.<\/p>\n<p>&nbsp;<\/p>\n","protected":false},"excerpt":{"rendered":"<p>\u00bfQue son las carillas dentales? Las carillas dentales que aplicamos para mejorar la est\u00e9tica del diente, son l\u00e1minas de resina o porcelana, altamente est\u00e9tica, que colocamos recubriendo la parte externa del diente. El objetivo es solucionar problemas est\u00e9ticos generados por fracturas, decoloraciones, caries o restauraciones. El resultado final son unos dientes que rozan la perfecci\u00f3n, [&hellip;]<\/p>\n","protected":false},"author":1,"featured_media":377,"comment_status":"open","ping_status":"open","sticky":false,"template":"","format":"standard","meta":{"_et_pb_use_builder":"","_et_pb_old_content":"","_et_gb_content_width":"","_mi_skip_tracking":false,"_exactmetrics_sitenote_active":false,"_exactmetrics_sitenote_note":"","_exactmetrics_sitenote_category":0,"footnotes":""},"categories":[7],"tags":[11,12,13,17,14,15,16],"aioseo_notices":[],"_links":{"self":[{"href":"https:\/\/providental.es\/index.php?rest_route=\/wp\/v2\/posts\/370"}],"collection":[{"href":"https:\/\/providental.es\/index.php?rest_route=\/wp\/v2\/posts"}],"about":[{"href":"https:\/\/providental.es\/index.php?rest_route=\/wp\/v2\/types\/post"}],"author":[{"embeddable":true,"href":"https:\/\/providental.es\/index.php?rest_route=\/wp\/v2\/users\/1"}],"replies":[{"embeddable":true,"href":"https:\/\/providental.es\/index.php?rest_route=%2Fwp%2Fv2%2Fcomments&post=370"}],"version-history":[{"count":2,"href":"https:\/\/providental.es\/index.php?rest_route=\/wp\/v2\/posts\/370\/revisions"}],"predecessor-version":[{"id":373,"href":"https:\/\/providental.es\/index.php?rest_route=\/wp\/v2\/posts\/370\/revisions\/373"}],"wp:featuredmedia":[{"embeddable":true,"href":"https:\/\/providental.es\/index.php?rest_route=\/wp\/v2\/media\/377"}],"wp:attachment":[{"href":"https:\/\/providental.es\/index.php?rest_route=%2Fwp%2Fv2%2Fmedia&parent=370"}],"wp:term":[{"taxonomy":"category","embeddable":true,"href":"https:\/\/providental.es\/index.php?rest_route=%2Fwp%2Fv2%2Fcategories&post=370"},{"taxonomy":"post_tag","embeddable":true,"href":"https:\/\/providental.es\/index.php?rest_route=%2Fwp%2Fv2%2Ftags&post=370"}],"curies":[{"name":"wp","href":"https:\/\/api.w.org\/{rel}","templated":true}]}}