{"id":210,"date":"2015-04-30T17:43:20","date_gmt":"2015-04-30T17:43:20","guid":{"rendered":"http:\/\/providental.es\/?p=210"},"modified":"2018-08-13T15:54:35","modified_gmt":"2018-08-13T15:54:35","slug":"una-sonrisa-para-mostrar","status":"publish","type":"post","link":"https:\/\/providental.es\/?p=210","title":{"rendered":"Providental, 8 a\u00f1os cuidando de su boca"},"content":{"rendered":"<p>Ya\u00a0han pasado 11 a\u00f1os desde que Manuel S\u00e1nchez &#8211; Andrade de San Severiano, odont\u00f3logo y especialista en implantolog\u00eda oral fundara Providental en Pontevedra en la calle Echegaray, 25 bajo. Una cl\u00ednica novedosa en cuanto a los tratamientos que realiza\u00a0y su ubicaci\u00f3n,\u00a0en ese momento casi ninguna cl\u00ednica estaba situada en un bajo comercial.<br \/>\nA principios del 2018 ha abierto las puertas de su otra cl\u00ednica Providental en Mar\u00edn, en la calle Dr. Otero Ulloa, 56 (Seixo)<\/p>\n<p>La idea del proyecto Providental era sencilla, realizar una odontolog\u00eda de calidad y dar un trato familiar al paciente a un precio contenido de los tratamientos y eso lo pueden avalar los pacientes que hayan pasado por sus cl\u00ednicas.<\/p>\n<p>Transcurrido este tiempo y siempre fiel a sus principios, el doctor S\u00e1nchez &#8211; Andrade da un trato personal a cada uno de los pacientes que han pasado por las instalaciones de sus cl\u00ednicas en donde el doctor da\u00a0las soluciones m\u00e1s adecuadas a cada caso despu\u00e9s de un estudio personalizado que explica detalladamente al paciente, adem\u00e1s de ofrecerle diferentes posibilidades de tratamiento, en caso de que las haya.<\/p>\n<p>Esta y otras t\u00e9cnicas han hecho que Providental sea\u00a0un centro de referencia en el sector dental de Pontevedra.<\/p>\n<p>&nbsp;<\/p>\n","protected":false},"excerpt":{"rendered":"<p>Ya\u00a0han pasado 11 a\u00f1os desde que Manuel S\u00e1nchez &#8211; Andrade de San Severiano, odont\u00f3logo y especialista en implantolog\u00eda oral fundara Providental en Pontevedra en la calle Echegaray, 25 bajo. Una cl\u00ednica novedosa en cuanto a los tratamientos que realiza\u00a0y su ubicaci\u00f3n,\u00a0en ese momento casi ninguna cl\u00ednica estaba situada en un bajo comercial. A principios del [&hellip;]<\/p>\n","protected":false},"author":1,"featured_media":296,"comment_status":"open","ping_status":"open","sticky":false,"template":"","format":"standard","meta":{"_et_pb_use_builder":"","_et_pb_old_content":"","_et_gb_content_width":"","_mi_skip_tracking":false,"_exactmetrics_sitenote_active":false,"_exactmetrics_sitenote_note":"","_exactmetrics_sitenote_category":0,"footnotes":""},"categories":[4,7,5,6],"tags":[],"aioseo_notices":[],"_links":{"self":[{"href":"https:\/\/providental.es\/index.php?rest_route=\/wp\/v2\/posts\/210"}],"collection":[{"href":"https:\/\/providental.es\/index.php?rest_route=\/wp\/v2\/posts"}],"about":[{"href":"https:\/\/providental.es\/index.php?rest_route=\/wp\/v2\/types\/post"}],"author":[{"embeddable":true,"href":"https:\/\/providental.es\/index.php?rest_route=\/wp\/v2\/users\/1"}],"replies":[{"embeddable":true,"href":"https:\/\/providental.es\/index.php?rest_route=%2Fwp%2Fv2%2Fcomments&post=210"}],"version-history":[{"count":5,"href":"https:\/\/providental.es\/index.php?rest_route=\/wp\/v2\/posts\/210\/revisions"}],"predecessor-version":[{"id":456,"href":"https:\/\/providental.es\/index.php?rest_route=\/wp\/v2\/posts\/210\/revisions\/456"}],"wp:featuredmedia":[{"embeddable":true,"href":"https:\/\/providental.es\/index.php?rest_route=\/wp\/v2\/media\/296"}],"wp:attachment":[{"href":"https:\/\/providental.es\/index.php?rest_route=%2Fwp%2Fv2%2Fmedia&parent=210"}],"wp:term":[{"taxonomy":"category","embeddable":true,"href":"https:\/\/providental.es\/index.php?rest_route=%2Fwp%2Fv2%2Fcategories&post=210"},{"taxonomy":"post_tag","embeddable":true,"href":"https:\/\/providental.es\/index.php?rest_route=%2Fwp%2Fv2%2Ftags&post=210"}],"curies":[{"name":"wp","href":"https:\/\/api.w.org\/{rel}","templated":true}]}}